{"id":41723,"date":"2023-06-02T14:57:44","date_gmt":"2023-06-02T12:57:44","guid":{"rendered":"https:\/\/sv.franoantik.com\/carl-malmsten-samsas-armchairs\/"},"modified":"2023-10-10T16:15:59","modified_gmt":"2023-10-10T14:15:59","slug":"carl-malmsten-samsas-armchairs","status":"publish","type":"post","link":"https:\/\/www.franoantik.com\/sv\/carl-malmsten-samsas-armchairs\/","title":{"rendered":"Carl Malmsten Samsas Armchairs"},"content":{"rendered":"<p>Carl Malmsten Samsas armchairs for O.H. Sj\u00f6gren from the mid 20th century. The chairs are a Swedish modern classic and the Samsas series is today recognised as the most characteristic designs from Malmsten. The armchairs Samsas is a 1960s favourite that has its origin in the chair Konsert which Carl Malmsten designed for Konserthuset in 1923. The chairs are elegant with smaller measurements but still has generous proportions that makes them comfortable as well as stylish.<\/p>\n<p>The chairs would be excellent in all types of environments and styles. From the typical Scandinavian modern to midcentury and traditional. Classic design never goes out of style. The armchairs are newly renovated with new upholstery. Designed by Carl Malmsten and made by O.H. Sj\u00f6gren and marked with metal plates, see picture. The chairs are upholstered in white wool boucl\u00e9 from Finnish manufacturer Lauritzon. The seat depth is 51 cm and seat height 42 cm.<\/p>\n<p>For more\u00a0<a href=\"https:\/\/sv.franoantik.com\/retro-furniture\/\">Retro Furniture<\/a><\/p>\n","protected":false},"excerpt":{"rendered":"<p>Carl Malmsten Samsas armchairs for O.H. Sj\u00f6gren from the mid 20th century. The chairs are a Swedish modern classic and the Samsas series is today recognised as the most characteristic designs from Malmsten. The armchairs Samsas is a 1960s favourite that has its origin in the chair Konsert which Carl Malmsten designed for Konserthuset in [&hellip;]<\/p>\n","protected":false},"author":1,"featured_media":41708,"comment_status":"open","ping_status":"open","sticky":false,"template":"","format":"standard","meta":{"_acf_changed":false,"footnotes":""},"categories":[132],"tags":[],"class_list":["post-41723","post","type-post","status-publish","format-standard","has-post-thumbnail","hentry","category-vintage"],"acf":[],"yoast_head":"<!-- This site is optimized with the Yoast SEO plugin v27.4 - https:\/\/yoast.com\/product\/yoast-seo-wordpress\/ -->\n<title>Carl Malmsten Samsas Armchairs - Fr\u00e5n\u00f6 Antik -sv<\/title>\n<meta name=\"description\" content=\"Carl Malmsten Samsas armchairs for O.H. Sj\u00f6gren from the mid 20th century. The chairs are a Swedish modern classic, this pair in white boucl\u00e9\" \/>\n<meta name=\"robots\" content=\"index, follow, max-snippet:-1, max-image-preview:large, max-video-preview:-1\" \/>\n<link rel=\"canonical\" href=\"https:\/\/www.franoantik.com\/sv\/carl-malmsten-samsas-armchairs\/\" \/>\n<meta property=\"og:locale\" content=\"sv_SE\" \/>\n<meta property=\"og:type\" content=\"article\" \/>\n<meta property=\"og:title\" content=\"Carl Malmsten Samsas Armchairs - Fr\u00e5n\u00f6 Antik -sv\" \/>\n<meta property=\"og:description\" content=\"Carl Malmsten Samsas armchairs for O.H. Sj\u00f6gren from the mid 20th century. The chairs are a Swedish modern classic, this pair in white boucl\u00e9\" \/>\n<meta property=\"og:url\" content=\"https:\/\/www.franoantik.com\/sv\/carl-malmsten-samsas-armchairs\/\" \/>\n<meta property=\"og:site_name\" content=\"Fr\u00e5n\u00f6 Antik -sv\" \/>\n<meta property=\"article:published_time\" content=\"2023-06-02T12:57:44+00:00\" \/>\n<meta property=\"article:modified_time\" content=\"2023-10-10T14:15:59+00:00\" \/>\n<meta property=\"og:image\" content=\"https:\/\/www.franoantik.com\/sv\/wp-content\/uploads\/sites\/3\/2023\/06\/Pro-Capture-One-2922.jpg\" \/>\n\t<meta property=\"og:image:width\" content=\"2048\" \/>\n\t<meta property=\"og:image:height\" content=\"1365\" \/>\n\t<meta property=\"og:image:type\" content=\"image\/jpeg\" \/>\n<meta name=\"author\" content=\"hans\" \/>\n<meta name=\"twitter:card\" content=\"summary_large_image\" \/>\n<meta name=\"twitter:label1\" content=\"Skriven av\" \/>\n\t<meta name=\"twitter:data1\" content=\"hans\" \/>\n\t<meta name=\"twitter:label2\" content=\"Ber\u00e4knad l\u00e4stid\" \/>\n\t<meta name=\"twitter:data2\" content=\"1 minut\" \/>\n<script type=\"application\/ld+json\" class=\"yoast-schema-graph\">{\"@context\":\"https:\\\/\\\/schema.org\",\"@graph\":[{\"@type\":\"Article\",\"@id\":\"https:\\\/\\\/www.franoantik.com\\\/sv\\\/carl-malmsten-samsas-armchairs\\\/#article\",\"isPartOf\":{\"@id\":\"https:\\\/\\\/www.franoantik.com\\\/sv\\\/carl-malmsten-samsas-armchairs\\\/\"},\"author\":{\"name\":\"hans\",\"@id\":\"https:\\\/\\\/www.franoantik.com\\\/sv\\\/#\\\/schema\\\/person\\\/923dd3531f33b784d42b71325ef6aab4\"},\"headline\":\"Carl Malmsten Samsas Armchairs\",\"datePublished\":\"2023-06-02T12:57:44+00:00\",\"dateModified\":\"2023-10-10T14:15:59+00:00\",\"mainEntityOfPage\":{\"@id\":\"https:\\\/\\\/www.franoantik.com\\\/sv\\\/carl-malmsten-samsas-armchairs\\\/\"},\"wordCount\":160,\"commentCount\":0,\"publisher\":{\"@id\":\"https:\\\/\\\/www.franoantik.com\\\/sv\\\/#organization\"},\"image\":{\"@id\":\"https:\\\/\\\/www.franoantik.com\\\/sv\\\/carl-malmsten-samsas-armchairs\\\/#primaryimage\"},\"thumbnailUrl\":\"https:\\\/\\\/www.franoantik.com\\\/sv\\\/wp-content\\\/uploads\\\/sites\\\/3\\\/2023\\\/06\\\/Pro-Capture-One-2922.jpg\",\"articleSection\":[\"Vintage\"],\"inLanguage\":\"sv-SE\",\"potentialAction\":[{\"@type\":\"CommentAction\",\"name\":\"Comment\",\"target\":[\"https:\\\/\\\/www.franoantik.com\\\/sv\\\/carl-malmsten-samsas-armchairs\\\/#respond\"]}]},{\"@type\":\"WebPage\",\"@id\":\"https:\\\/\\\/www.franoantik.com\\\/sv\\\/carl-malmsten-samsas-armchairs\\\/\",\"url\":\"https:\\\/\\\/www.franoantik.com\\\/sv\\\/carl-malmsten-samsas-armchairs\\\/\",\"name\":\"Carl Malmsten Samsas Armchairs - Fr\u00e5n\u00f6 Antik -sv\",\"isPartOf\":{\"@id\":\"https:\\\/\\\/www.franoantik.com\\\/sv\\\/#website\"},\"primaryImageOfPage\":{\"@id\":\"https:\\\/\\\/www.franoantik.com\\\/sv\\\/carl-malmsten-samsas-armchairs\\\/#primaryimage\"},\"image\":{\"@id\":\"https:\\\/\\\/www.franoantik.com\\\/sv\\\/carl-malmsten-samsas-armchairs\\\/#primaryimage\"},\"thumbnailUrl\":\"https:\\\/\\\/www.franoantik.com\\\/sv\\\/wp-content\\\/uploads\\\/sites\\\/3\\\/2023\\\/06\\\/Pro-Capture-One-2922.jpg\",\"datePublished\":\"2023-06-02T12:57:44+00:00\",\"dateModified\":\"2023-10-10T14:15:59+00:00\",\"description\":\"Carl Malmsten Samsas armchairs for O.H. Sj\u00f6gren from the mid 20th century. The chairs are a Swedish modern classic, this pair in white boucl\u00e9\",\"breadcrumb\":{\"@id\":\"https:\\\/\\\/www.franoantik.com\\\/sv\\\/carl-malmsten-samsas-armchairs\\\/#breadcrumb\"},\"inLanguage\":\"sv-SE\",\"potentialAction\":[{\"@type\":\"ReadAction\",\"target\":[\"https:\\\/\\\/www.franoantik.com\\\/sv\\\/carl-malmsten-samsas-armchairs\\\/\"]}]},{\"@type\":\"ImageObject\",\"inLanguage\":\"sv-SE\",\"@id\":\"https:\\\/\\\/www.franoantik.com\\\/sv\\\/carl-malmsten-samsas-armchairs\\\/#primaryimage\",\"url\":\"https:\\\/\\\/www.franoantik.com\\\/sv\\\/wp-content\\\/uploads\\\/sites\\\/3\\\/2023\\\/06\\\/Pro-Capture-One-2922.jpg\",\"contentUrl\":\"https:\\\/\\\/www.franoantik.com\\\/sv\\\/wp-content\\\/uploads\\\/sites\\\/3\\\/2023\\\/06\\\/Pro-Capture-One-2922.jpg\",\"width\":2048,\"height\":1365,\"caption\":\"Carl Malmsten Samsas armchairs for O.H. Sj\u00f6gren from the mid 20th century. The chairs are a Swedish modern classic and the Samsas series is today recognised as the most characteristic designs from Malmsten.\"},{\"@type\":\"BreadcrumbList\",\"@id\":\"https:\\\/\\\/www.franoantik.com\\\/sv\\\/carl-malmsten-samsas-armchairs\\\/#breadcrumb\",\"itemListElement\":[{\"@type\":\"ListItem\",\"position\":1,\"name\":\"Home\",\"item\":\"https:\\\/\\\/www.franoantik.com\\\/sv\\\/\"},{\"@type\":\"ListItem\",\"position\":2,\"name\":\"Carl Malmsten Samsas Armchairs\"}]},{\"@type\":\"WebSite\",\"@id\":\"https:\\\/\\\/www.franoantik.com\\\/sv\\\/#website\",\"url\":\"https:\\\/\\\/www.franoantik.com\\\/sv\\\/\",\"name\":\"Fr\u00e5n\u00f6 Antik -sv\",\"description\":\"\",\"publisher\":{\"@id\":\"https:\\\/\\\/www.franoantik.com\\\/sv\\\/#organization\"},\"potentialAction\":[{\"@type\":\"SearchAction\",\"target\":{\"@type\":\"EntryPoint\",\"urlTemplate\":\"https:\\\/\\\/www.franoantik.com\\\/sv\\\/?s={search_term_string}\"},\"query-input\":{\"@type\":\"PropertyValueSpecification\",\"valueRequired\":true,\"valueName\":\"search_term_string\"}}],\"inLanguage\":\"sv-SE\"},{\"@type\":\"Organization\",\"@id\":\"https:\\\/\\\/www.franoantik.com\\\/sv\\\/#organization\",\"name\":\"Fr\u00e5n\u00f6 Antik -sv\",\"url\":\"https:\\\/\\\/www.franoantik.com\\\/sv\\\/\",\"logo\":{\"@type\":\"ImageObject\",\"inLanguage\":\"sv-SE\",\"@id\":\"https:\\\/\\\/www.franoantik.com\\\/sv\\\/#\\\/schema\\\/logo\\\/image\\\/\",\"url\":\"https:\\\/\\\/www.franoantik.com\\\/sv\\\/wp-content\\\/uploads\\\/sites\\\/3\\\/2023\\\/10\\\/Logo.png\",\"contentUrl\":\"https:\\\/\\\/www.franoantik.com\\\/sv\\\/wp-content\\\/uploads\\\/sites\\\/3\\\/2023\\\/10\\\/Logo.png\",\"width\":500,\"height\":500,\"caption\":\"Fr\u00e5n\u00f6 Antik -sv\"},\"image\":{\"@id\":\"https:\\\/\\\/www.franoantik.com\\\/sv\\\/#\\\/schema\\\/logo\\\/image\\\/\"}},{\"@type\":\"Person\",\"@id\":\"https:\\\/\\\/www.franoantik.com\\\/sv\\\/#\\\/schema\\\/person\\\/923dd3531f33b784d42b71325ef6aab4\",\"name\":\"hans\",\"image\":{\"@type\":\"ImageObject\",\"inLanguage\":\"sv-SE\",\"@id\":\"https:\\\/\\\/secure.gravatar.com\\\/avatar\\\/032814778734dd72b845745a2d9702221320a79b49029e686bb1155a5ffd815f?s=96&d=mm&r=g\",\"url\":\"https:\\\/\\\/secure.gravatar.com\\\/avatar\\\/032814778734dd72b845745a2d9702221320a79b49029e686bb1155a5ffd815f?s=96&d=mm&r=g\",\"contentUrl\":\"https:\\\/\\\/secure.gravatar.com\\\/avatar\\\/032814778734dd72b845745a2d9702221320a79b49029e686bb1155a5ffd815f?s=96&d=mm&r=g\",\"caption\":\"hans\"},\"url\":\"https:\\\/\\\/www.franoantik.com\\\/sv\\\/author\\\/hans\\\/\"}]}<\/script>\n<!-- \/ Yoast SEO plugin. -->","yoast_head_json":{"title":"Carl Malmsten Samsas Armchairs - Fr\u00e5n\u00f6 Antik -sv","description":"Carl Malmsten Samsas armchairs for O.H. Sj\u00f6gren from the mid 20th century. The chairs are a Swedish modern classic, this pair in white boucl\u00e9","robots":{"index":"index","follow":"follow","max-snippet":"max-snippet:-1","max-image-preview":"max-image-preview:large","max-video-preview":"max-video-preview:-1"},"canonical":"https:\/\/www.franoantik.com\/sv\/carl-malmsten-samsas-armchairs\/","og_locale":"sv_SE","og_type":"article","og_title":"Carl Malmsten Samsas Armchairs - Fr\u00e5n\u00f6 Antik -sv","og_description":"Carl Malmsten Samsas armchairs for O.H. Sj\u00f6gren from the mid 20th century. The chairs are a Swedish modern classic, this pair in white boucl\u00e9","og_url":"https:\/\/www.franoantik.com\/sv\/carl-malmsten-samsas-armchairs\/","og_site_name":"Fr\u00e5n\u00f6 Antik -sv","article_published_time":"2023-06-02T12:57:44+00:00","article_modified_time":"2023-10-10T14:15:59+00:00","og_image":[{"width":2048,"height":1365,"url":"https:\/\/www.franoantik.com\/sv\/wp-content\/uploads\/sites\/3\/2023\/06\/Pro-Capture-One-2922.jpg","type":"image\/jpeg"}],"author":"hans","twitter_card":"summary_large_image","twitter_misc":{"Skriven av":"hans","Ber\u00e4knad l\u00e4stid":"1 minut"},"schema":{"@context":"https:\/\/schema.org","@graph":[{"@type":"Article","@id":"https:\/\/www.franoantik.com\/sv\/carl-malmsten-samsas-armchairs\/#article","isPartOf":{"@id":"https:\/\/www.franoantik.com\/sv\/carl-malmsten-samsas-armchairs\/"},"author":{"name":"hans","@id":"https:\/\/www.franoantik.com\/sv\/#\/schema\/person\/923dd3531f33b784d42b71325ef6aab4"},"headline":"Carl Malmsten Samsas Armchairs","datePublished":"2023-06-02T12:57:44+00:00","dateModified":"2023-10-10T14:15:59+00:00","mainEntityOfPage":{"@id":"https:\/\/www.franoantik.com\/sv\/carl-malmsten-samsas-armchairs\/"},"wordCount":160,"commentCount":0,"publisher":{"@id":"https:\/\/www.franoantik.com\/sv\/#organization"},"image":{"@id":"https:\/\/www.franoantik.com\/sv\/carl-malmsten-samsas-armchairs\/#primaryimage"},"thumbnailUrl":"https:\/\/www.franoantik.com\/sv\/wp-content\/uploads\/sites\/3\/2023\/06\/Pro-Capture-One-2922.jpg","articleSection":["Vintage"],"inLanguage":"sv-SE","potentialAction":[{"@type":"CommentAction","name":"Comment","target":["https:\/\/www.franoantik.com\/sv\/carl-malmsten-samsas-armchairs\/#respond"]}]},{"@type":"WebPage","@id":"https:\/\/www.franoantik.com\/sv\/carl-malmsten-samsas-armchairs\/","url":"https:\/\/www.franoantik.com\/sv\/carl-malmsten-samsas-armchairs\/","name":"Carl Malmsten Samsas Armchairs - Fr\u00e5n\u00f6 Antik -sv","isPartOf":{"@id":"https:\/\/www.franoantik.com\/sv\/#website"},"primaryImageOfPage":{"@id":"https:\/\/www.franoantik.com\/sv\/carl-malmsten-samsas-armchairs\/#primaryimage"},"image":{"@id":"https:\/\/www.franoantik.com\/sv\/carl-malmsten-samsas-armchairs\/#primaryimage"},"thumbnailUrl":"https:\/\/www.franoantik.com\/sv\/wp-content\/uploads\/sites\/3\/2023\/06\/Pro-Capture-One-2922.jpg","datePublished":"2023-06-02T12:57:44+00:00","dateModified":"2023-10-10T14:15:59+00:00","description":"Carl Malmsten Samsas armchairs for O.H. Sj\u00f6gren from the mid 20th century. The chairs are a Swedish modern classic, this pair in white boucl\u00e9","breadcrumb":{"@id":"https:\/\/www.franoantik.com\/sv\/carl-malmsten-samsas-armchairs\/#breadcrumb"},"inLanguage":"sv-SE","potentialAction":[{"@type":"ReadAction","target":["https:\/\/www.franoantik.com\/sv\/carl-malmsten-samsas-armchairs\/"]}]},{"@type":"ImageObject","inLanguage":"sv-SE","@id":"https:\/\/www.franoantik.com\/sv\/carl-malmsten-samsas-armchairs\/#primaryimage","url":"https:\/\/www.franoantik.com\/sv\/wp-content\/uploads\/sites\/3\/2023\/06\/Pro-Capture-One-2922.jpg","contentUrl":"https:\/\/www.franoantik.com\/sv\/wp-content\/uploads\/sites\/3\/2023\/06\/Pro-Capture-One-2922.jpg","width":2048,"height":1365,"caption":"Carl Malmsten Samsas armchairs for O.H. Sj\u00f6gren from the mid 20th century. The chairs are a Swedish modern classic and the Samsas series is today recognised as the most characteristic designs from Malmsten."},{"@type":"BreadcrumbList","@id":"https:\/\/www.franoantik.com\/sv\/carl-malmsten-samsas-armchairs\/#breadcrumb","itemListElement":[{"@type":"ListItem","position":1,"name":"Home","item":"https:\/\/www.franoantik.com\/sv\/"},{"@type":"ListItem","position":2,"name":"Carl Malmsten Samsas Armchairs"}]},{"@type":"WebSite","@id":"https:\/\/www.franoantik.com\/sv\/#website","url":"https:\/\/www.franoantik.com\/sv\/","name":"Fr\u00e5n\u00f6 Antik -sv","description":"","publisher":{"@id":"https:\/\/www.franoantik.com\/sv\/#organization"},"potentialAction":[{"@type":"SearchAction","target":{"@type":"EntryPoint","urlTemplate":"https:\/\/www.franoantik.com\/sv\/?s={search_term_string}"},"query-input":{"@type":"PropertyValueSpecification","valueRequired":true,"valueName":"search_term_string"}}],"inLanguage":"sv-SE"},{"@type":"Organization","@id":"https:\/\/www.franoantik.com\/sv\/#organization","name":"Fr\u00e5n\u00f6 Antik -sv","url":"https:\/\/www.franoantik.com\/sv\/","logo":{"@type":"ImageObject","inLanguage":"sv-SE","@id":"https:\/\/www.franoantik.com\/sv\/#\/schema\/logo\/image\/","url":"https:\/\/www.franoantik.com\/sv\/wp-content\/uploads\/sites\/3\/2023\/10\/Logo.png","contentUrl":"https:\/\/www.franoantik.com\/sv\/wp-content\/uploads\/sites\/3\/2023\/10\/Logo.png","width":500,"height":500,"caption":"Fr\u00e5n\u00f6 Antik -sv"},"image":{"@id":"https:\/\/www.franoantik.com\/sv\/#\/schema\/logo\/image\/"}},{"@type":"Person","@id":"https:\/\/www.franoantik.com\/sv\/#\/schema\/person\/923dd3531f33b784d42b71325ef6aab4","name":"hans","image":{"@type":"ImageObject","inLanguage":"sv-SE","@id":"https:\/\/secure.gravatar.com\/avatar\/032814778734dd72b845745a2d9702221320a79b49029e686bb1155a5ffd815f?s=96&d=mm&r=g","url":"https:\/\/secure.gravatar.com\/avatar\/032814778734dd72b845745a2d9702221320a79b49029e686bb1155a5ffd815f?s=96&d=mm&r=g","contentUrl":"https:\/\/secure.gravatar.com\/avatar\/032814778734dd72b845745a2d9702221320a79b49029e686bb1155a5ffd815f?s=96&d=mm&r=g","caption":"hans"},"url":"https:\/\/www.franoantik.com\/sv\/author\/hans\/"}]}},"_links":{"self":[{"href":"https:\/\/www.franoantik.com\/sv\/wp-json\/wp\/v2\/posts\/41723","targetHints":{"allow":["GET"]}}],"collection":[{"href":"https:\/\/www.franoantik.com\/sv\/wp-json\/wp\/v2\/posts"}],"about":[{"href":"https:\/\/www.franoantik.com\/sv\/wp-json\/wp\/v2\/types\/post"}],"author":[{"embeddable":true,"href":"https:\/\/www.franoantik.com\/sv\/wp-json\/wp\/v2\/users\/1"}],"replies":[{"embeddable":true,"href":"https:\/\/www.franoantik.com\/sv\/wp-json\/wp\/v2\/comments?post=41723"}],"version-history":[{"count":3,"href":"https:\/\/www.franoantik.com\/sv\/wp-json\/wp\/v2\/posts\/41723\/revisions"}],"predecessor-version":[{"id":43735,"href":"https:\/\/www.franoantik.com\/sv\/wp-json\/wp\/v2\/posts\/41723\/revisions\/43735"}],"wp:featuredmedia":[{"embeddable":true,"href":"https:\/\/www.franoantik.com\/sv\/wp-json\/wp\/v2\/media\/41708"}],"wp:attachment":[{"href":"https:\/\/www.franoantik.com\/sv\/wp-json\/wp\/v2\/media?parent=41723"}],"wp:term":[{"taxonomy":"category","embeddable":true,"href":"https:\/\/www.franoantik.com\/sv\/wp-json\/wp\/v2\/categories?post=41723"},{"taxonomy":"post_tag","embeddable":true,"href":"https:\/\/www.franoantik.com\/sv\/wp-json\/wp\/v2\/tags?post=41723"}],"curies":[{"name":"wp","href":"https:\/\/api.w.org\/{rel}","templated":true}]}}